{"id":2951,"date":"2024-06-26T10:21:00","date_gmt":"2024-06-26T08:21:00","guid":{"rendered":"https:\/\/ball-ev-berlin.de\/?p=2951"},"modified":"2025-03-31T10:57:38","modified_gmt":"2025-03-31T08:57:38","slug":"nachlese-zum-buergerfest-45-jahre-marzahn","status":"publish","type":"post","link":"https:\/\/ball-ev-berlin.de\/?p=2951","title":{"rendered":"Nachlese zum B\u00fcrgerfest 45 Jahre Marzahn"},"content":{"rendered":"\n<p>Am 22.06.2024 fand mit Unterst\u00fctzung durch BENN, der Freiwilligenagentur, dem STZ Mosaik und der Gemeinschaftsunterkunft Paul-Schwenk-Stra\u00dfe beim BALL e.V. ein B\u00fcrgerfest zur Erinnerung an den 45. Jahrestag der Gr\u00fcndung des Berliner Stadtbezirkes Marzahn statt. Es war ein tolles Fest! Insgesamt wurden 380 G\u00e4ste <span class='hurraki_tooltip' data-title='gez' style='border-bottom:2px dotted #888;'>gez<\/span>\u00e4hlt, darunter 40 Kinder, 40 Menschen mit Fluchterfahrung und\/oder Migrationshintergrund und ca. 50 Menschen mit einem festgestellten Grad der <span class='hurraki_tooltip' data-title='Behinderung' style='border-bottom:2px dotted #888;'>Behinderung<\/span>. Das Gute: keiner nahm Ansto\u00df an der Teilnahme des Anderen, was mich ehrlich gefreut hat. Alle hatten Spa\u00df und das war es schon, was wir uns gew\u00fcnscht hatten. <\/p>\n","protected":false},"excerpt":{"rendered":"<p>Am 22.06.2024 fand mit Unterst\u00fctzung durch BENN, der Freiwilligenagentur, dem STZ Mosaik und der Gemeinschaftsunterkunft Paul-Schwenk-Stra\u00dfe beim BALL e.V. ein B\u00fcrgerfest zur Erinnerung an den 45. Jahrestag der Gr\u00fcndung des [&hellip;]<\/p>\n","protected":false},"author":5,"featured_media":1446,"comment_status":"closed","ping_status":"closed","sticky":false,"template":"","format":"standard","meta":{"_EventAllDay":false,"_EventTimezone":"","_EventStartDate":"","_EventEndDate":"","_EventStartDateUTC":"","_EventEndDateUTC":"","_EventShowMap":false,"_EventShowMapLink":false,"_EventURL":"","_EventCost":"","_EventCostDescription":"","_EventCurrencySymbol":"","_EventCurrencyCode":"","_EventCurrencyPosition":"","_EventDateTimeSeparator":"","_EventTimeRangeSeparator":"","_EventOrganizerID":[],"_EventVenueID":[],"_OrganizerEmail":"","_OrganizerPhone":"","_OrganizerWebsite":"","_VenueAddress":"","_VenueCity":"","_VenueCountry":"","_VenueProvince":"","_VenueState":"","_VenueZip":"","_VenuePhone":"","_VenueURL":"","_VenueStateProvince":"","_VenueLat":"","_VenueLng":"","_VenueShowMap":false,"_VenueShowMapLink":false,"footnotes":""},"categories":[32],"tags":[],"class_list":["post-2951","post","type-post","status-publish","format-standard","has-post-thumbnail","hentry","category-stadtteil-und-gemeinwesenarbeit"],"featured_image_src":"https:\/\/ball-ev-berlin.de\/wp-content\/uploads\/2021\/09\/kinderfest_ball_ev.jpg","author_info":{"display_name":"Frank Holzmann","author_link":"https:\/\/ball-ev-berlin.de\/?author=5"},"_links":{"self":[{"href":"https:\/\/ball-ev-berlin.de\/index.php?rest_route=\/wp\/v2\/posts\/2951","targetHints":{"allow":["GET"]}}],"collection":[{"href":"https:\/\/ball-ev-berlin.de\/index.php?rest_route=\/wp\/v2\/posts"}],"about":[{"href":"https:\/\/ball-ev-berlin.de\/index.php?rest_route=\/wp\/v2\/types\/post"}],"author":[{"embeddable":true,"href":"https:\/\/ball-ev-berlin.de\/index.php?rest_route=\/wp\/v2\/users\/5"}],"replies":[{"embeddable":true,"href":"https:\/\/ball-ev-berlin.de\/index.php?rest_route=%2Fwp%2Fv2%2Fcomments&post=2951"}],"version-history":[{"count":1,"href":"https:\/\/ball-ev-berlin.de\/index.php?rest_route=\/wp\/v2\/posts\/2951\/revisions"}],"predecessor-version":[{"id":2952,"href":"https:\/\/ball-ev-berlin.de\/index.php?rest_route=\/wp\/v2\/posts\/2951\/revisions\/2952"}],"wp:featuredmedia":[{"embeddable":true,"href":"https:\/\/ball-ev-berlin.de\/index.php?rest_route=\/wp\/v2\/media\/1446"}],"wp:attachment":[{"href":"https:\/\/ball-ev-berlin.de\/index.php?rest_route=%2Fwp%2Fv2%2Fmedia&parent=2951"}],"wp:term":[{"taxonomy":"category","embeddable":true,"href":"https:\/\/ball-ev-berlin.de\/index.php?rest_route=%2Fwp%2Fv2%2Fcategories&post=2951"},{"taxonomy":"post_tag","embeddable":true,"href":"https:\/\/ball-ev-berlin.de\/index.php?rest_route=%2Fwp%2Fv2%2Ftags&post=2951"}],"curies":[{"name":"wp","href":"https:\/\/api.w.org\/{rel}","templated":true}]}}