{"id":2081,"date":"2022-02-18T13:06:49","date_gmt":"2022-02-18T12:06:49","guid":{"rendered":"https:\/\/ball-ev-berlin.de\/?p=2081"},"modified":"2022-02-18T13:33:25","modified_gmt":"2022-02-18T12:33:25","slug":"8-maerz-frauentag-in-marzahn-hellersdorf","status":"publish","type":"post","link":"https:\/\/ball-ev-berlin.de\/?p=2081","title":{"rendered":"8. M\u00e4rz &#8211; Frauentag in Marzahn-Hellersdorf"},"content":{"rendered":"\n<p>Die Corona-<span class='hurraki_tooltip' data-title='Pandemie' style='border-bottom:2px dotted #888;'>Pandemie<\/span> offenbart wie ein Brennglas Defizite und M\u00e4ngel in vielen gesellschaftlichen Strukturen. So wurde gerade in Zeiten der pandemischen Einschr\u00e4nkungen die Unwucht in der Verteilung der Sorge- und Erwerbsarbeit zwischen M\u00e4nnern und Frauen besonders <span class='hurraki_tooltip' data-title='deutlich' style='border-bottom:2px dotted #888;'>deutlich<\/span> und verst\u00e4rkte sich nach unserer Wahrnehmung. Die <span class='hurraki_tooltip' data-title='Gesellschaft' style='border-bottom:2px dotted #888;'>Gesellschaft<\/span> tr\u00e4gt eine gro\u00dfe <span class='hurraki_tooltip' data-title='Verantwortung' style='border-bottom:2px dotted #888;'>Verantwortung<\/span> daf\u00fcr, dass Frauen in den aktuellen Umbr\u00fcchen dieser <span class='hurraki_tooltip' data-title='Zeit' style='border-bottom:2px dotted #888;'>Zeit<\/span> nicht zu kurz kommen. Darum gilt es, in allen Lebensbereichen die Perspektiven und Bed\u00fcrfnisse von Frauen bei allen Entscheidungen zu ber\u00fccksichtigen. <br>Auch darum wird es auf der vom FrauenNetz Marzahn-Hellersdorf initiierten Veranstaltung \u201eRosen f\u00fcr Clara\u201c zum Internationalen <span class='hurraki_tooltip' data-title='Frauentag' style='border-bottom:2px dotted #888;'>Frauentag<\/span> in Marzahn-Hellersdorf am 08.03.2022 gehen. Das Motto der Veranstaltung: \u201eSolidarisch aktiv f\u00fcr Frauenrechte!\u201c <br>Treffpunkt f\u00fcr die Kundgebung ist am 08.03.2022 um 13.00 <span class='hurraki_tooltip' data-title='Uhr' style='border-bottom:2px dotted #888;'>Uhr<\/span> der Clara-Zetkin-Park vor dem Clara Zetkin <span class='hurraki_tooltip' data-title='Denkmal' style='border-bottom:2px dotted #888;'>Denkmal<\/span> zwischen Niemegker und Wittenberger Stra\u00dfe. Wie auch in den Vorjahren wird es Gru\u00dfworte von <span class='hurraki_tooltip' data-title='Politiker' style='border-bottom:2px dotted #888;'>Politiker<\/span>\/innen und Redebeitr\u00e4ge von Aktivistinnen aus dem Bezirk zu den aktuellen Herausforderungen in der Frauen- und Geschlechterpolitik geben. <br>Dar\u00fcber hinaus ruft das FrauenNetz zur Beteiligung am bundesweiten Frauenstreik auf. Mit einer <span class='hurraki_tooltip' data-title='Demonstration' style='border-bottom:2px dotted #888;'>Demonstration<\/span> durch den Ahrensfelder Kiez setzen sich die Frauen solidarisch aktiv f\u00fcr Frauenrechte ein. Treffpunkt ist um 12:00 Uhr der Vorhof des S-Bahnhofs Ahrensfelde.<\/p>\n","protected":false},"excerpt":{"rendered":"<p>Die Corona-Pandemie offenbart wie ein Brennglas Defizite und M\u00e4ngel in vielen gesellschaftlichen Strukturen. So wurde gerade in Zeiten der pandemischen Einschr\u00e4nkungen die Unwucht in der Verteilung der Sorge- und Erwerbsarbeit [&hellip;]<\/p>\n","protected":false},"author":5,"featured_media":2082,"comment_status":"closed","ping_status":"closed","sticky":false,"template":"","format":"standard","meta":{"_EventAllDay":false,"_EventTimezone":"","_EventStartDate":"","_EventEndDate":"","_EventStartDateUTC":"","_EventEndDateUTC":"","_EventShowMap":false,"_EventShowMapLink":false,"_EventURL":"","_EventCost":"","_EventCostDescription":"","_EventCurrencySymbol":"","_EventCurrencyCode":"","_EventCurrencyPosition":"","_EventDateTimeSeparator":"","_EventTimeRangeSeparator":"","_EventOrganizerID":[],"_EventVenueID":[],"_OrganizerEmail":"","_OrganizerPhone":"","_OrganizerWebsite":"","_VenueAddress":"","_VenueCity":"","_VenueCountry":"","_VenueProvince":"","_VenueState":"","_VenueZip":"","_VenuePhone":"","_VenueURL":"","_VenueStateProvince":"","_VenueLat":"","_VenueLng":"","_VenueShowMap":false,"_VenueShowMapLink":false,"footnotes":""},"categories":[32],"tags":[],"class_list":["post-2081","post","type-post","status-publish","format-standard","has-post-thumbnail","hentry","category-stadtteil-und-gemeinwesenarbeit"],"featured_image_src":"https:\/\/ball-ev-berlin.de\/wp-content\/uploads\/2022\/02\/rose-301406_960_720.jpg","author_info":{"display_name":"Frank Holzmann","author_link":"https:\/\/ball-ev-berlin.de\/?author=5"},"_links":{"self":[{"href":"https:\/\/ball-ev-berlin.de\/index.php?rest_route=\/wp\/v2\/posts\/2081","targetHints":{"allow":["GET"]}}],"collection":[{"href":"https:\/\/ball-ev-berlin.de\/index.php?rest_route=\/wp\/v2\/posts"}],"about":[{"href":"https:\/\/ball-ev-berlin.de\/index.php?rest_route=\/wp\/v2\/types\/post"}],"author":[{"embeddable":true,"href":"https:\/\/ball-ev-berlin.de\/index.php?rest_route=\/wp\/v2\/users\/5"}],"replies":[{"embeddable":true,"href":"https:\/\/ball-ev-berlin.de\/index.php?rest_route=%2Fwp%2Fv2%2Fcomments&post=2081"}],"version-history":[{"count":2,"href":"https:\/\/ball-ev-berlin.de\/index.php?rest_route=\/wp\/v2\/posts\/2081\/revisions"}],"predecessor-version":[{"id":2084,"href":"https:\/\/ball-ev-berlin.de\/index.php?rest_route=\/wp\/v2\/posts\/2081\/revisions\/2084"}],"wp:featuredmedia":[{"embeddable":true,"href":"https:\/\/ball-ev-berlin.de\/index.php?rest_route=\/wp\/v2\/media\/2082"}],"wp:attachment":[{"href":"https:\/\/ball-ev-berlin.de\/index.php?rest_route=%2Fwp%2Fv2%2Fmedia&parent=2081"}],"wp:term":[{"taxonomy":"category","embeddable":true,"href":"https:\/\/ball-ev-berlin.de\/index.php?rest_route=%2Fwp%2Fv2%2Fcategories&post=2081"},{"taxonomy":"post_tag","embeddable":true,"href":"https:\/\/ball-ev-berlin.de\/index.php?rest_route=%2Fwp%2Fv2%2Ftags&post=2081"}],"curies":[{"name":"wp","href":"https:\/\/api.w.org\/{rel}","templated":true}]}}