{"id":1765,"date":"2021-10-08T14:10:00","date_gmt":"2021-10-08T12:10:00","guid":{"rendered":"http:\/\/wp2021.ball-ev-berlin.de\/?p=1765"},"modified":"2021-11-24T13:21:00","modified_gmt":"2021-11-24T12:21:00","slug":"sozialpolitische-anregungen","status":"publish","type":"post","link":"https:\/\/ball-ev-berlin.de\/?p=1765","title":{"rendered":"Sozialpolitische Anregungen"},"content":{"rendered":"\n<p>Der BALL e.V. hat einige sozialpolitische Anregungen erarbeitet, die aus seiner Sicht in der kommenden Legislaturperiode Ber\u00fccksichtigung finden sollten. So gilt es, die Erfahrungen und Erkenntnisse aus der <span class='hurraki_tooltip' data-title='COVID-19-Pandemie' style='border-bottom:2px dotted #888;'>COVID-19-<span class='hurraki_tooltip' data-title='Pandemie' style='border-bottom:2px dotted #888;'>Pandemie<\/span><\/span> nun auch (schnell) in sozialpolitisches Handeln umzusetzen. Die Umsetzungs- und Reformbedarfe sind gro\u00df, vielf\u00e4ltig und dr\u00e4ngend. Die Erfahrungen der COVID-19-Pandemie haben mehr als <span class='hurraki_tooltip' data-title='deutlich' style='border-bottom:2px dotted #888;'>deutlich<\/span> gemacht, dass die sozialen Berufe eine grundlegende Aufwertung erfahren m\u00fcssen. Wir m\u00fcssen im Bezirk die Lebenssituation von Menschen mit <span class='hurraki_tooltip' data-title='Behinderung' style='border-bottom:2px dotted #888;'>Behinderung<\/span> weiter verbessern, einen Aktions- und Ma\u00dfnahmeplan zur Umsetzung der UN-BRK erarbeiten, die der \u00f6ffentlich gef\u00f6rderten Besch\u00e4ftigung innewohnenden Potentiale nutzen und st\u00e4rken und sollten die vormals begangenen Fehler bei der durchaus gewollten <span class='hurraki_tooltip' data-title='Integration' style='border-bottom:2px dotted #888;'>Integration<\/span> von Gefl\u00fcchteten in unserem Bezirk, nicht wiederholen. Die grunds\u00e4tzliche Einbeziehung der Betroffenen in die Entscheidungs- und L\u00f6sungsprozesse <span class='hurraki_tooltip' data-title='macht' style='border-bottom:2px dotted #888;'>macht<\/span> spezifische Bedarfslagen sichtbar und schafft Akzeptanz f\u00fcr politisches Handeln. Wir w\u00fcnschen uns f\u00fcr den Bezirk eine gest\u00e4rkte Daseinsvorsorge, auf die sich die Menschen, die hier leben, jederzeit verlassen k\u00f6nnen. Der BALL e.V. wird sich diesbez\u00fcglich aktiv mit einbringen!<\/p>\n","protected":false},"excerpt":{"rendered":"<p>Der BALL e.V. hat einige sozialpolitische Anregungen erarbeitet, die aus seiner Sicht in der kommenden Legislaturperiode Ber\u00fccksichtigung finden sollten. So gilt es, die Erfahrungen und Erkenntnisse aus der COVID-19-Pandemie nun [&hellip;]<\/p>\n","protected":false},"author":5,"featured_media":1349,"comment_status":"closed","ping_status":"closed","sticky":false,"template":"","format":"standard","meta":{"_EventAllDay":false,"_EventTimezone":"","_EventStartDate":"","_EventEndDate":"","_EventStartDateUTC":"","_EventEndDateUTC":"","_EventShowMap":false,"_EventShowMapLink":false,"_EventURL":"","_EventCost":"","_EventCostDescription":"","_EventCurrencySymbol":"","_EventCurrencyCode":"","_EventCurrencyPosition":"","_EventDateTimeSeparator":"","_EventTimeRangeSeparator":"","_EventOrganizerID":[],"_EventVenueID":[],"_OrganizerEmail":"","_OrganizerPhone":"","_OrganizerWebsite":"","_VenueAddress":"","_VenueCity":"","_VenueCountry":"","_VenueProvince":"","_VenueState":"","_VenueZip":"","_VenuePhone":"","_VenueURL":"","_VenueStateProvince":"","_VenueLat":"","_VenueLng":"","_VenueShowMap":false,"_VenueShowMapLink":false,"footnotes":""},"categories":[32],"tags":[],"class_list":["post-1765","post","type-post","status-publish","format-standard","has-post-thumbnail","hentry","category-stadtteil-und-gemeinwesenarbeit"],"featured_image_src":"https:\/\/ball-ev-berlin.de\/wp-content\/uploads\/2021\/08\/beratung3.jpg","author_info":{"display_name":"Frank Holzmann","author_link":"https:\/\/ball-ev-berlin.de\/?author=5"},"_links":{"self":[{"href":"https:\/\/ball-ev-berlin.de\/index.php?rest_route=\/wp\/v2\/posts\/1765","targetHints":{"allow":["GET"]}}],"collection":[{"href":"https:\/\/ball-ev-berlin.de\/index.php?rest_route=\/wp\/v2\/posts"}],"about":[{"href":"https:\/\/ball-ev-berlin.de\/index.php?rest_route=\/wp\/v2\/types\/post"}],"author":[{"embeddable":true,"href":"https:\/\/ball-ev-berlin.de\/index.php?rest_route=\/wp\/v2\/users\/5"}],"replies":[{"embeddable":true,"href":"https:\/\/ball-ev-berlin.de\/index.php?rest_route=%2Fwp%2Fv2%2Fcomments&post=1765"}],"version-history":[{"count":1,"href":"https:\/\/ball-ev-berlin.de\/index.php?rest_route=\/wp\/v2\/posts\/1765\/revisions"}],"predecessor-version":[{"id":1766,"href":"https:\/\/ball-ev-berlin.de\/index.php?rest_route=\/wp\/v2\/posts\/1765\/revisions\/1766"}],"wp:featuredmedia":[{"embeddable":true,"href":"https:\/\/ball-ev-berlin.de\/index.php?rest_route=\/wp\/v2\/media\/1349"}],"wp:attachment":[{"href":"https:\/\/ball-ev-berlin.de\/index.php?rest_route=%2Fwp%2Fv2%2Fmedia&parent=1765"}],"wp:term":[{"taxonomy":"category","embeddable":true,"href":"https:\/\/ball-ev-berlin.de\/index.php?rest_route=%2Fwp%2Fv2%2Fcategories&post=1765"},{"taxonomy":"post_tag","embeddable":true,"href":"https:\/\/ball-ev-berlin.de\/index.php?rest_route=%2Fwp%2Fv2%2Ftags&post=1765"}],"curies":[{"name":"wp","href":"https:\/\/api.w.org\/{rel}","templated":true}]}}