{"id":1566,"date":"2021-10-22T15:24:00","date_gmt":"2021-10-22T13:24:00","guid":{"rendered":"http:\/\/wp2021.ball-ev-berlin.de\/?p=1566"},"modified":"2021-10-31T07:47:25","modified_gmt":"2021-10-31T06:47:25","slug":"70-jahre-vska","status":"publish","type":"post","link":"https:\/\/ball-ev-berlin.de\/?p=1566","title":{"rendered":"70 Jahre VskA"},"content":{"rendered":"\n<p>Seit <span class='hurraki_tooltip' data-title='nunmehr' style='border-bottom:2px dotted #888;'>nunmehr<\/span> 70 Jahren agiert der Verband f\u00fcr soziokulturelle Arbeit Vska im Rahmen der Nachbarschaftsarbeit, erm\u00f6glicht Debatten und Diskurse, wirkt mit an der Gestaltung des \u00f6ffentlichen Raums und aktiviert Menschen, ihre Themen zu setzen, Ver\u00e4nderung anzusto\u00dfen und ihr eigenes Umfeld zu gestalten. Als heutiger Fachverband f\u00fcr Nachbarschaftsarbeit tr\u00e4gt er mit dazu bei, dass sich die Berliner Akteure vernetzten, qualifizieren und gegenseitig st\u00e4rken. Auf der Jahrestagung Nachbarschaftsarbeit am 16.\/17.09.2021 wurde \u00fcber die gesellschaftlichen Ver\u00e4nderungen gesprochen, die Nachbarschaftsarbeit erm\u00f6glicht und anst\u00f6\u00dft. Es wurden Haltungen, Ans\u00e4tze und Methoden reflektiert und neue Impulse und Wissen auch zu ganz konkreten gesellschaftspolitischen Themenfeldern gegeben und vermittelt.<\/p>\n","protected":false},"excerpt":{"rendered":"<p>Seit nunmehr 70 Jahren agiert der Verband f\u00fcr soziokulturelle Arbeit Vska im Rahmen der Nachbarschaftsarbeit, erm\u00f6glicht Debatten und Diskurse, wirkt mit an der Gestaltung des \u00f6ffentlichen Raums und aktiviert Menschen, [&hellip;]<\/p>\n","protected":false},"author":5,"featured_media":1461,"comment_status":"closed","ping_status":"closed","sticky":false,"template":"","format":"standard","meta":{"_EventAllDay":false,"_EventTimezone":"","_EventStartDate":"","_EventEndDate":"","_EventStartDateUTC":"","_EventEndDateUTC":"","_EventShowMap":false,"_EventShowMapLink":false,"_EventURL":"","_EventCost":"","_EventCostDescription":"","_EventCurrencySymbol":"","_EventCurrencyCode":"","_EventCurrencyPosition":"","_EventDateTimeSeparator":"","_EventTimeRangeSeparator":"","_EventOrganizerID":[],"_EventVenueID":[],"_OrganizerEmail":"","_OrganizerPhone":"","_OrganizerWebsite":"","_VenueAddress":"","_VenueCity":"","_VenueCountry":"","_VenueProvince":"","_VenueState":"","_VenueZip":"","_VenuePhone":"","_VenueURL":"","_VenueStateProvince":"","_VenueLat":"","_VenueLng":"","_VenueShowMap":false,"_VenueShowMapLink":false,"footnotes":""},"categories":[32],"tags":[],"class_list":["post-1566","post","type-post","status-publish","format-standard","has-post-thumbnail","hentry","category-stadtteil-und-gemeinwesenarbeit"],"featured_image_src":"https:\/\/ball-ev-berlin.de\/wp-content\/uploads\/2021\/09\/gemeinwesen4.jpeg","author_info":{"display_name":"Frank Holzmann","author_link":"https:\/\/ball-ev-berlin.de\/?author=5"},"_links":{"self":[{"href":"https:\/\/ball-ev-berlin.de\/index.php?rest_route=\/wp\/v2\/posts\/1566","targetHints":{"allow":["GET"]}}],"collection":[{"href":"https:\/\/ball-ev-berlin.de\/index.php?rest_route=\/wp\/v2\/posts"}],"about":[{"href":"https:\/\/ball-ev-berlin.de\/index.php?rest_route=\/wp\/v2\/types\/post"}],"author":[{"embeddable":true,"href":"https:\/\/ball-ev-berlin.de\/index.php?rest_route=\/wp\/v2\/users\/5"}],"replies":[{"embeddable":true,"href":"https:\/\/ball-ev-berlin.de\/index.php?rest_route=%2Fwp%2Fv2%2Fcomments&post=1566"}],"version-history":[{"count":1,"href":"https:\/\/ball-ev-berlin.de\/index.php?rest_route=\/wp\/v2\/posts\/1566\/revisions"}],"predecessor-version":[{"id":1567,"href":"https:\/\/ball-ev-berlin.de\/index.php?rest_route=\/wp\/v2\/posts\/1566\/revisions\/1567"}],"wp:featuredmedia":[{"embeddable":true,"href":"https:\/\/ball-ev-berlin.de\/index.php?rest_route=\/wp\/v2\/media\/1461"}],"wp:attachment":[{"href":"https:\/\/ball-ev-berlin.de\/index.php?rest_route=%2Fwp%2Fv2%2Fmedia&parent=1566"}],"wp:term":[{"taxonomy":"category","embeddable":true,"href":"https:\/\/ball-ev-berlin.de\/index.php?rest_route=%2Fwp%2Fv2%2Fcategories&post=1566"},{"taxonomy":"post_tag","embeddable":true,"href":"https:\/\/ball-ev-berlin.de\/index.php?rest_route=%2Fwp%2Fv2%2Ftags&post=1566"}],"curies":[{"name":"wp","href":"https:\/\/api.w.org\/{rel}","templated":true}]}}